{"id":670,"date":"2021-12-22T16:28:04","date_gmt":"2021-12-22T16:28:04","guid":{"rendered":"https:\/\/foundations.ac\/?p=670"},"modified":"2024-02-07T12:03:24","modified_gmt":"2024-02-07T12:03:24","slug":"icon-s-2021-conference","status":"publish","type":"post","link":"https:\/\/foundations.ac\/hu\/icon-s-2021-conference\/","title":{"rendered":"Nemi, vall\u00e1si \u00e9s identit\u00e1si neh\u00e9zs\u00e9gek, valamint a populizmus \u00e9s a nacionalizmus t\u00e9rnyer\u00e9se K\u00f6z\u00e9p- \u00e9s Kelet-Eur\u00f3p\u00e1ban \u00e9s Latin-Amerik\u00e1ban"},"content":{"rendered":"<h2 class=\"wp-block-heading\">\u00cdrta: Silvia Gagliardi<\/h2>\n\n\n\n<h4 class=\"wp-block-heading\"><strong><strong>\u201eK\u00f6zjog, (bizalmatlans\u00e1g) \u00e9s ellenv\u00e9lem\u00e9ny\u201d<\/strong><\/strong><\/h4>\n\n\n\n<p><em>&nbsp;\u201eNemi, vall\u00e1si \u00e9s identit\u00e1si neh\u00e9zs\u00e9gek, valamint a populizmus \u00e9s nacionalizmus t\u00e9rnyer\u00e9se K\u00f6z\u00e9p- \u00e9s Kelet-Eur\u00f3p\u00e1ban \u00e9s Latin-Amerik\u00e1ban\u201d<\/em><\/p>\n\n\n\n<p>A 2021-es ICON-S \u201eMundo\u201d konferencia \u201eK\u00f6zjogr\u00f3l, (bizalmatlans\u00e1gr\u00f3l \u00e9s ellenv\u00e9lem\u00e9nyr\u0151l)\u201d keret\u00e9ben az ERC \u00e1ltal finansz\u00edrozott FIAT-projekt tagjai egy panelt h\u00edvtak \u00f6ssze \u00e9s vezettek, hogy megvitass\u00e1k a \u201eNemi, vall\u00e1si \u00e9s identit\u00e1si probl\u00e9m\u00e1kat \u00e9s a populizmus \u00e9s a nacionalizmus felemelked\u00e9se K\u00f6z\u00e9p- \u00e9s Kelet-Eur\u00f3p\u00e1ban \u00e9s Latin-Amerik\u00e1ban\u201d. A test\u00fclet a k\u00f6vetkez\u0151 kulcsk\u00e9rd\u00e9sre pr\u00f3b\u00e1lt v\u00e1laszt adni: milyen szerepet j\u00e1tszanak a nemi, vall\u00e1si \u00e9s identit\u00e1si diskurzusok \u00e9s jogi reformok a populizmus \u00e9s a nacionalizmus t\u00e9rnyer\u00e9s\u00e9ben a vil\u00e1g e k\u00e9t r\u00e9gi\u00f3j\u00e1ban? Erre a k\u00e9rd\u00e9sre v\u00e1laszolva a test\u00fclet a populizmus metsz\u00e9spontjait k\u00edv\u00e1nta megvizsg\u00e1lni.<a href=\"https:\/\/www.cairn.info\/revue-nouvelles-questions-feministes-2018-1-page-144.htm\">femonacionalizmus&quot;<\/a>, feminista politika \u00e9s vall\u00e1s K\u00f6z\u00e9p- \u00e9s Kelet-Eur\u00f3p\u00e1ban (CEE). A test\u00fclet azt is megvizsg\u00e1lta, hogyan j\u00e1rulnak hozz\u00e1 a nacionalist\u00e1k (bele\u00e9rtve a femo- \u00e9s etno-nacionalist\u00e1kat) \u00e9s a nativist\u00e1k az Othering diskurzusokhoz \u00e9s az etnikai, vall\u00e1si \u00e9s szexu\u00e1lis kisebbs\u00e9geket c\u00e9lz\u00f3 sz\u00e9ls\u0151s\u00e9ges populista narrat\u00edv\u00e1khoz, \u00e9s hogyan vesznek r\u00e9szt azokban. V\u00e9g\u00fcl a test\u00fcletet felk\u00e9rt\u00e9k, hogy vizsg\u00e1lja meg a diszkrimin\u00e1ci\u00f3 \u00e9s\/vagy a gy\u0171l\u00f6let-b\u0171ncselekm\u00e9nyek egy\u00e9nekre\/csoportokra gyakorolt hat\u00e1s\u00e1t K\u00f6z\u00e9p-Kelet-Eur\u00f3p\u00e1ban \u00e9s Latin-Amerik\u00e1ban, valamint a t\u00e1rsadalmi-jogi \u00e9s politikai v\u00e1ls\u00e1gokat, amelyeket a nemet, a vall\u00e1st \u00e9s az identit\u00e1st \u00e9rint\u0151 reformok id\u00e9ztek el\u0151, valamint ezek glob\u00e1lis k\u00f6vetkezm\u00e9nyeit. .<\/p>\n\n\n\n<p>Az \u00fagynevezett \u201egender-ideol\u00f3gia\u201d ir\u00e1nti egyre er\u0151s\u00f6d\u0151 megsz\u00e1llotts\u00e1g ellen \u2013 amelynek eredete az 1990-es \u00e9vek Vatik\u00e1ni konceptualiz\u00e1l\u00e1s\u00e1ban keresend\u0151, konkr\u00e9tan a \u201egender ideol\u00f3gi\u00e1n\u201d kereszt\u00fcl.<a href=\"https:\/\/chicagounbound.uchicago.edu\/cgi\/viewcontent.cgi?article=2021&amp;context=public_law_and_legal_theory\">a p\u00e1p\u00e1k szerepe a komplementarit\u00e1s feltal\u00e1l\u00e1s\u00e1ban \u00e9s a nemek vatik\u00e1ni anthematiz\u00e1l\u00e1s\u00e1ban<\/a>&#039;- a panel a genderellenes mozgalomra nagy\u00edtott r\u00e1, m\u00e1s n\u00e9ven <a href=\"https:\/\/www.researchgate.net\/publication\/314899558_Towards_An_Illiberal_Future_Anti-Genderism_and_Anti-Globalization\">&quot;antigenderizmus&quot;<\/a>. Az els\u0151 tanulm\u00e1nyt Julia Roth (Bielefeld Egyetem, N\u00e9metorsz\u00e1g) \u00e9s Ligia Fabris (Rio de Janeiro Jogi Kar, Getulio Vargas Alap\u00edtv\u00e1ny) k\u00f6z\u00f6sen mutatta be. Az \u00fajs\u00e1g c\u00edme: \u201eA n\u0151k \u00e9s a nemek jogai ir\u00e1nti nemek k\u00f6z\u00f6tti verseng\u00e9s Latin-Amerik\u00e1ban: Transzjogok Braz\u00edli\u00e1ban, mint p\u00e9lda\u00e9rt\u00e9k\u0171 eset\u201d. Ez a tanulm\u00e1ny r\u00e1vil\u00e1g\u00edt arra, hogy a transznem\u0171ek jogair\u00f3l folytatott braz\u00edliai harcr\u00f3l sz\u00f3l\u00f3 diskurzus olyan p\u00e9lda\u00e9rt\u00e9k\u0171 esetk\u00e9nt m\u0171k\u00f6dik, amely al\u00e1t\u00e1masztja \u00e9s lehet\u0151v\u00e9 teszi sz\u00e1munkra, hogy meg\u00e9rts\u00fck a n\u0151k \u00e9s a nemek jogaival kapcsolatos folyamatban l\u00e9v\u0151 glob\u00e1lis vit\u00e1k k\u00e9rd\u00e9seit t\u00e1gabban.<\/p>\n\n\n\n<p>Ez a pap\u00edr egy sor \u201e<a href=\"https:\/\/trafo.hypotheses.org\/25082\">a nemek megk\u00fcl\u00f6nb\u00f6ztet\u00e9s\u00e9nek mint\u00e1i<\/a> ami jelenleg megfigyelhet\u0151 a jobboldali populista diskurzusban. Ezek k\u00f6z\u00e9 tartozik a <a href=\"https:\/\/www.transcript-verlag.de\/978-3-8376-4980-2\/right-wing-populism-and-gender\/\">&#039;etno-szexista<\/a>A szexizmus \u00e9s a homof\u00f3bia m\u00e1sokra vet\u00edt\u00e9se, a n\u0151k \u00e9s a feminist\u00e1k femonacionalista sz\u00f6vets\u00e9gei jobboldali projektekkel, vagy a \u201egender ideol\u00f3gia\u201d ellenz\u00e9ke. Ez ut\u00f3bbit \u00fagy tekintik, mint &quot;<a href=\"https:\/\/www.transcript-verlag.de\/978-3-8376-4980-2\/right-wing-populism-and-gender\/\">ideol\u00f3giai gyarmatos\u00edt\u00e1s<\/a>&quot;, mint &quot;<a href=\"https:\/\/www.transcript-verlag.de\/978-3-8376-4980-2\/right-wing-populism-and-gender\/\">egzisztenci\u00e1lis fenyeget\u00e9s&quot;<\/a> a nukle\u00e1ris, heteronormat\u00edv csal\u00e1dhoz \u00e9s a (homog\u00e9n) nemzethez. sz\u00e1mos &#039;<a href=\"https:\/\/www.transcript-verlag.de\/978-3-8376-4980-2\/right-wing-populism-and-gender\/\">dinamikus paradoxonok<\/a> Ezek a mint\u00e1k az \u201e\u00daj Jobboldal\u201d alapjait mutatj\u00e1k be, hogy a nem \u00e9s a szexualit\u00e1s mik\u00e9nt funkcion\u00e1l lencsek\u00e9nt, \u00e9rzelmi h\u00eddk\u00e9nt \u00e9s ar\u00e9nak\u00e9nt a hegem\u00f3ni\u00e1\u00e9rt folytatott jelenlegi harcokban a neoliber\u00e1lis k\u00f6rnyezetben. Latin-Amerika p\u00e9lda\u00e9rt\u00e9k\u0171 esetek\u00e9nt a cikk az els\u0151 r\u00e9szben fel\u00e9p\u00edtett elemz\u00e9si keretet haszn\u00e1lta a diskurzus elemz\u00e9s\u00e9re. <a href=\"https:\/\/go.gale.com\/ps\/i.do?id=GALE%7CA571109917&amp;sid=googleScholar&amp;v=2.1&amp;it=r&amp;linkaccess=abs&amp;issn=21798966&amp;p=IFME&amp;sw=w&amp;userGroupName=anon%7Ef36d537b\">transz* jogok Braz\u00edli\u00e1ban<\/a> \u00e9s megvizsg\u00e1ljuk, hogy a transz* jogokr\u00f3l sz\u00f3l\u00f3 vita mit mond nek\u00fcnk a \u201et\u00e1rgyal\u00e1sokr\u00f3l \u00e9s normat\u00edv\u00e1kr\u00f3l, valamint a hegem\u00f3n f\u00e9rfiass\u00e1gr\u00f3l \u00e9s n\u0151iess\u00e9gr\u0151l\u201d.&nbsp;<\/p>\n\n\n\n<p>A m\u00e1sodik tanulm\u00e1nyt Agnieszka Graff (Vars\u00f3i Egyetem) mutatta be, \u00e9s a c\u00edme &quot;<a href=\"https:\/\/www.routledge.com\/Anti-Gender-Politics-in-the-Populist-Moment\/Graff-Korolczuk\/p\/book\/9780367679491\">Nemek elleni mobiliz\u00e1ci\u00f3 \u00e9s jobboldali populizmus, Kelet-Eur\u00f3pa \u00e9s azon t\u00fal<\/a>. A lap azzal \u00e9rvelt, hogy a genderellenes mozgalom j\u00f3l beh\u00e1l\u00f3zott transznacion\u00e1lis jelens\u00e9g, a nemek k\u00f6z\u00f6tti egyenl\u0151s\u00e9g elleni glob\u00e1lis ellenmozgalom. A kor\u00e1bbi antifeminista visszhanghull\u00e1mokt\u00f3l elt\u00e9r\u0151en \u2013 \u00e1ll\u00edtja a lap \u2013 a genderellenes mozgalom a gender fogalm\u00e1nak d\u00e9moniz\u00e1l\u00e1s\u00e1val m\u0171k\u00f6dik: a gender-ideol\u00f3gi\u00e1t a totalit\u00e1rius rendszerekhez hasonl\u00edtj\u00e1k, \u00e9s a zsid\u00f3-kereszt\u00e9ny civiliz\u00e1ci\u00f3t fenyeget\u0151k\u00e9nt \u00edrj\u00e1k le. A nemek k\u00f6z\u00f6tti egyenl\u0151s\u00e9g elleni kamp\u00e1nyok konkr\u00e9t politikai vit\u00e1kba val\u00f3 beavatkoz\u00e1sk\u00e9nt kezd\u0151dnek, amelyek p\u00e9ld\u00e1ul a szexu\u00e1lis nevel\u00e9st, az azonos nem\u0171ek h\u00e1zass\u00e1g\u00e1t, a t\u00f6rv\u00e9nyes abortuszt, a v\u00e1l\u00e1st, a transz-jogokat \u00e9s az Eur\u00f3pa Tan\u00e1cs n\u0151k elleni er\u0151szak megel\u0151z\u00e9s\u00e9r\u0151l \u00e9s lek\u00fczd\u00e9s\u00e9r\u0151l sz\u00f3l\u00f3 egyezm\u00e9ny\u00e9t (Isztambuli Egyezm\u00e9ny) c\u00e9lozz\u00e1k. A populista keretet kitart\u00f3an alkalmazz\u00e1k: a \u201egender ideol\u00f3gia\u201d terjeszt\u0151it korrupt elitk\u00e9nt, a h\u00e9tk\u00f6znapi ember ellens\u00e9geik\u00e9nt mutatj\u00e1k be. Ez megk\u00f6nny\u00edti a vall\u00e1sos \u00e9s nem vall\u00e1sos szerepl\u0151k k\u00f6z\u00f6tti sz\u00f6vets\u00e9get. B\u00e1r a jobboldali populizmus \u00e9s a genderellenes mozgalom jelens\u00e9gei k\u00f6lcs\u00f6nhat\u00e1sban vannak, \u00e9s gyakran \u00e1tfedik egym\u00e1st, a lap azt \u00e1ll\u00edtja, hogy k\u00fcl\u00f6n szerepl\u0151k. V\u00e9g\u00fcl ez a tanulm\u00e1ny megvizsg\u00e1lta a genderellenes mozgalom t\u00f6rt\u00e9nelmi forr\u00e1sait, kulcsfontoss\u00e1g\u00fa c\u00e9ljait \u00e9s strat\u00e9gi\u00e1it, valamint a vall\u00e1si fundamentalist\u00e1k \u00e9s a jobboldali populista p\u00e1rtok k\u00f6z\u00f6tti szinergi\u00e1t. Azt is megmagyar\u00e1zta, hogy Kelet-Eur\u00f3pa mi\u00e9rt foglal el k\u00fcl\u00f6nleges helyet a genderellenes mozgalom k\u00e9pzelet\u00e9ben \u00e9s strat\u00e9gi\u00e1j\u00e1ban.<\/p>\n\n\n\n<p>A harmadik el\u0151ad\u00e1st Dorota Szelewa (University College Dublin) tartotta, \u00e9s a k\u00f6vetkez\u0151 t\u00e9m\u00e1kra \u00f6sszpontos\u00edtott:<a href=\"https:\/\/www.spi.ox.ac.uk\/event\/mortgaging-europes-periphery\">Gender, jobboldali populizmus \u00e9s csal\u00e1dpolitikai diskurzusok Magyarorsz\u00e1gon \u00e9s Lengyelorsz\u00e1gban<\/a>. A nemek k\u00f6z\u00f6tti egyenl\u0151s\u00e9g \u00e9s a szoci\u00e1lpolitika \u00f6sszehasonl\u00edt\u00f3 kutat\u00e1si perspekt\u00edv\u00e1j\u00e1b\u00f3l kiindulva ez a tanulm\u00e1ny a k\u00f6zelm\u00falt reformjait \u00e9s a nemi szerepekr\u0151l sz\u00f3l\u00f3 diskurzusokat elemezte a magyarorsz\u00e1gi \u00e9s lengyelorsz\u00e1gi jobboldali populista korm\u00e1nyok \u00e1ltal. A lap kifejtette, a gyors demogr\u00e1fiai hanyatl\u00e1s \u00f6sszef\u00fcgg\u00e9s\u00e9ben, amely szinte minden kelet-eur\u00f3pai orsz\u00e1gban lezajlott, a n\u0151ket t\u00falnyom\u00f3r\u00e9szt reprodukt\u00edv funkci\u00f3jukon kereszt\u00fcl kezdt\u00e9k \u00e9rz\u00e9kelni. Magyarorsz\u00e1gon a \u201ek\u00f6z\u00e9poszt\u00e1ly demogr\u00e1fiai forradalma\u201d jelszavaival feler\u0151s\u00edtett\u00e9k azokat a pronatalista politik\u00e1kat, amelyek anyagilag \u00f6szt\u00f6nzik a n\u0151ket a t\u00f6bb gyermekv\u00e1llal\u00e1sra, mik\u00f6zben a n\u0151ket hib\u00e1ztatt\u00e1k a term\u00e9kenys\u00e9gi r\u00e1t\u00e1k cs\u00f6kken\u00e9s\u00e9\u00e9rt. Lengyelorsz\u00e1gban a katolikus egyh\u00e1zhoz igazodva az \u00faj korm\u00e1ny ny\u00edltan t\u00e1madta a nemi egyenl\u0151s\u00e9g fogalm\u00e1t, seg\u00edtette a szinte teljes abortusztilalom bevezet\u00e9s\u00e9t, ugyanakkor sokat fektet a csal\u00e1dpolitik\u00e1ba. Ez a tanulm\u00e1ny azzal \u00e9rvelt, hogy ezek a fejlem\u00e9nyek a nemzeti identit\u00e1s \u00fajj\u00e1\u00e9p\u00edt\u00e9sek\u00e9nt \u00e9s meger\u0151s\u00edt\u00e9sek\u00e9nt \u00e9rtelmezhet\u0151k, Yuval-Davis nemi nacionalizmus\u00e1nak keretein bel\u00fcl.<\/p>\n\n\n\n<p>K\u00f6z\u00f6ss\u00e9geket \u00e9s mint\u00e1kat tal\u00e1ltak abban a m\u00f3dban, ahogyan a gender-ellenes mozgalom vil\u00e1gszerte fell\u00e9p a nemek k\u00f6z\u00f6tti igazs\u00e1goss\u00e1g, a n\u0151k \u00e9s a szexu\u00e1lis kisebbs\u00e9gek jogai ellen, bele\u00e9rtve t\u00f6bbek k\u00f6z\u00f6tt a megk\u00fcl\u00f6nb\u00f6ztet\u00e9smentess\u00e9ghez \u00e9s a jogban \u00e9s gyakorlatban \u00e9rv\u00e9nyes\u00fcl\u0151 egyenl\u0151s\u00e9ghez, szexu\u00e1lis \u00e9s reprodukt\u00edv eg\u00e9szs\u00e9g\u00fckh\u00f6z val\u00f3 jogaikat. jogok \u00e9s a testi \u00e9ps\u00e9ghez val\u00f3 joguk, hogy csak n\u00e9h\u00e1nyat eml\u00edtsek. A test\u00fclet n\u00e9h\u00e1ny \u201eszok\u00e1sos gyan\u00fas\u00edtottat\u201d \u201ea n\u00e9p ellens\u00e9g\u00e9nek\u201d \u00e9s \u201eaz isten \u00e9s az emberek t\u00f6rv\u00e9nyeivel\u201d ellent\u00e9tes \u201erendellenes gyakorlatok\u201d sz\u00f3sz\u00f3l\u00f3jak\u00e9nt azonos\u00edtott. Ezek <em>m\u00e1sod<\/em> a hagyom\u00e1nyos erk\u00f6lcs\u00f6ket \u00e9s a t\u00e1rsadalmi \u00e9rt\u00e9keket megzavar\u00f3 \u00fcgyn\u00f6k\u00f6k k\u00f6z\u00e9 tartoztak t\u00f6bbek k\u00f6z\u00f6tt kommunist\u00e1k, bev\u00e1ndorl\u00f3k, LMBTI-szem\u00e9lyek, feminist\u00e1k, muszlimok \u00e9s k\u00fclf\u00f6ldi \u00fcgyn\u00f6k\u00f6k; \u00fagy t\u0171nik azonban, hogy kontextusr\u00f3l kontextusra v\u00e1ltoznak, att\u00f3l f\u00fcgg\u0151en, hogy milyen politikai \u00e9s t\u00e1rsadalmi narrat\u00edv\u00e1k, valamint az \u0151ket saj\u00e1tos c\u00e9ljaikra haszn\u00e1l\u00f3 elitek sz\u00fcks\u00e9gletei vannak. A test\u00fcleten bel\u00fcli vit\u00e1kb\u00f3l kider\u00fclt, hogy a gyermek- \u00e9s n\u0151v\u00e9delmi \u00e9rveket \u00fcr\u00fcgyk\u00e9nt haszn\u00e1lj\u00e1k fel a befogad\u00f3 \u00e9s megk\u00fcl\u00f6nb\u00f6ztet\u00e9smentes szexu\u00e1lis nevel\u00e9s iskolai terjed\u00e9s\u00e9nek \u00e9s alkalmaz\u00e1s\u00e1nak megf\u00e9kez\u00e9s\u00e9re vagy megtilt\u00e1s\u00e1ra, a t\u00e1rsadalom pedofilokkal \u00e9s m\u00e1sokkal szembeni v\u00e9delm\u00e9nek z\u00e1szlaja alatt. devi\u00e1ns emberek. A \u201egender ideol\u00f3gi\u00e1t\u201d \u00fagy jellemzi, mint \u201e<a href=\"https:\/\/www.transcript-verlag.de\/978-3-8376-4980-2\/right-wing-populism-and-gender\/\">egzisztenci\u00e1lis fenyeget\u00e9s&quot;<\/a> m\u00edg&#039;<a href=\"http:\/\/www.fesbp.hu\/common\/pdf\/demographic_challenges.pdf\">a term\u00e9kenys\u00e9g fetisiz\u00e1l\u00e1sa&quot;<\/a>, a csal\u00e1d k\u00f6zponti szerepet t\u00f6lt be a politikai projekt k\u00f6z\u00e9ppontj\u00e1ban.<a href=\"http:\/\/globaldialogue.isa-sociology.org\/towards-an-illiberal-future-anti-genderism-and-anti-globalization\/\">nemielleness\u00e9g&quot;<\/a>.&nbsp;&nbsp;<\/p>","protected":false},"excerpt":{"rendered":"<p>By Silvia Gagliardi \u201cPublic Law, (Dis)trust and Dissent\u201d &nbsp;\u2018Gender, religion and identity conundrums and the rise of populism and nationalism in Central and Eastern Europe and Latin America\u2019 In the context of the 2021 ICON-S Conference \u2018Mundo\u2019 on \u2018Public Law, (Dis)trust and Dissent\u2019, members of the ERC-funded FIAT project convened and chaired a panel to [&hellip;]<\/p>\n","protected":false},"author":2,"featured_media":689,"comment_status":"open","ping_status":"open","sticky":false,"template":"","format":"standard","meta":{"inline_featured_image":false,"_monsterinsights_skip_tracking":false,"_monsterinsights_sitenote_active":false,"_monsterinsights_sitenote_note":"","_monsterinsights_sitenote_category":0,"footnotes":""},"categories":[11,12],"tags":[],"class_list":["post-670","post","type-post","status-publish","format-standard","has-post-thumbnail","hentry","category-conferences","category-icon-s-2021"],"yoast_head":"<!-- This site is optimized with the Yoast SEO plugin v26.9 - https:\/\/yoast.com\/product\/yoast-seo-wordpress\/ -->\n<title>Gender, religion and identity conundrums and the rise of populism and nationalism in Central and Eastern Europe and Latin America - FIAT<\/title>\n<meta name=\"robots\" content=\"index, follow, max-snippet:-1, max-image-preview:large, max-video-preview:-1\" \/>\n<link rel=\"canonical\" href=\"https:\/\/foundations.ac\/hu\/icon-s-2021-conference\/\" \/>\n<meta property=\"og:locale\" content=\"hu_HU\" \/>\n<meta property=\"og:type\" content=\"article\" \/>\n<meta property=\"og:title\" content=\"Gender, religion and identity conundrums and the rise of populism and nationalism in Central and Eastern Europe and Latin America - FIAT\" \/>\n<meta property=\"og:description\" content=\"By Silvia Gagliardi \u201cPublic Law, (Dis)trust and Dissent\u201d &nbsp;\u2018Gender, religion and identity conundrums and the rise of populism and nationalism in Central and Eastern Europe and Latin America\u2019 In the context of the 2021 ICON-S Conference \u2018Mundo\u2019 on \u2018Public Law, (Dis)trust and Dissent\u2019, members of the ERC-funded FIAT project convened and chaired a panel to [&hellip;]\" \/>\n<meta property=\"og:url\" content=\"https:\/\/foundations.ac\/hu\/icon-s-2021-conference\/\" \/>\n<meta property=\"og:site_name\" content=\"FIAT\" \/>\n<meta property=\"article:published_time\" content=\"2021-12-22T16:28:04+00:00\" \/>\n<meta property=\"article:modified_time\" content=\"2024-02-07T12:03:24+00:00\" \/>\n<meta property=\"og:image\" content=\"https:\/\/foundations.ac\/wp-content\/uploads\/2021\/12\/mundo-twitter-sharepic-sponsors-01.jpeg\" \/>\n\t<meta property=\"og:image:width\" content=\"2200\" \/>\n\t<meta property=\"og:image:height\" content=\"1256\" \/>\n\t<meta property=\"og:image:type\" content=\"image\/jpeg\" \/>\n<meta name=\"author\" content=\"Deirdre Norris\" \/>\n<meta name=\"twitter:card\" content=\"summary_large_image\" \/>\n<meta name=\"twitter:label1\" content=\"Szerz\u0151:\" \/>\n\t<meta name=\"twitter:data1\" content=\"Deirdre Norris\" \/>\n\t<meta name=\"twitter:label2\" content=\"Becs\u00fclt olvas\u00e1si id\u0151\" \/>\n\t<meta name=\"twitter:data2\" content=\"5 perc\" \/>\n<script type=\"application\/ld+json\" class=\"yoast-schema-graph\">{\"@context\":\"https:\/\/schema.org\",\"@graph\":[{\"@type\":\"Article\",\"@id\":\"https:\/\/foundations.ac\/icon-s-2021-conference\/#article\",\"isPartOf\":{\"@id\":\"https:\/\/foundations.ac\/icon-s-2021-conference\/\"},\"author\":{\"name\":\"Deirdre Norris\",\"@id\":\"https:\/\/foundations.ac\/#\/schema\/person\/6a97b6e3104a633ff33a4c05f9782422\"},\"headline\":\"Gender, religion and identity conundrums and the rise of populism and nationalism in Central and Eastern Europe and Latin America\",\"datePublished\":\"2021-12-22T16:28:04+00:00\",\"dateModified\":\"2024-02-07T12:03:24+00:00\",\"mainEntityOfPage\":{\"@id\":\"https:\/\/foundations.ac\/icon-s-2021-conference\/\"},\"wordCount\":1136,\"commentCount\":0,\"image\":{\"@id\":\"https:\/\/foundations.ac\/icon-s-2021-conference\/#primaryimage\"},\"thumbnailUrl\":\"https:\/\/foundations.ac\/wp-content\/uploads\/2021\/12\/mundo-twitter-sharepic-sponsors-01.jpeg\",\"articleSection\":[\"Conferences\",\"ICON-S 2021\"],\"inLanguage\":\"hu\",\"potentialAction\":[{\"@type\":\"CommentAction\",\"name\":\"Comment\",\"target\":[\"https:\/\/foundations.ac\/icon-s-2021-conference\/#respond\"]}]},{\"@type\":\"WebPage\",\"@id\":\"https:\/\/foundations.ac\/icon-s-2021-conference\/\",\"url\":\"https:\/\/foundations.ac\/icon-s-2021-conference\/\",\"name\":\"Gender, religion and identity conundrums and the rise of populism and nationalism in Central and Eastern Europe and Latin America - FIAT\",\"isPartOf\":{\"@id\":\"https:\/\/foundations.ac\/#website\"},\"primaryImageOfPage\":{\"@id\":\"https:\/\/foundations.ac\/icon-s-2021-conference\/#primaryimage\"},\"image\":{\"@id\":\"https:\/\/foundations.ac\/icon-s-2021-conference\/#primaryimage\"},\"thumbnailUrl\":\"https:\/\/foundations.ac\/wp-content\/uploads\/2021\/12\/mundo-twitter-sharepic-sponsors-01.jpeg\",\"datePublished\":\"2021-12-22T16:28:04+00:00\",\"dateModified\":\"2024-02-07T12:03:24+00:00\",\"author\":{\"@id\":\"https:\/\/foundations.ac\/#\/schema\/person\/6a97b6e3104a633ff33a4c05f9782422\"},\"breadcrumb\":{\"@id\":\"https:\/\/foundations.ac\/icon-s-2021-conference\/#breadcrumb\"},\"inLanguage\":\"hu\",\"potentialAction\":[{\"@type\":\"ReadAction\",\"target\":[\"https:\/\/foundations.ac\/icon-s-2021-conference\/\"]}]},{\"@type\":\"ImageObject\",\"inLanguage\":\"hu\",\"@id\":\"https:\/\/foundations.ac\/icon-s-2021-conference\/#primaryimage\",\"url\":\"https:\/\/foundations.ac\/wp-content\/uploads\/2021\/12\/mundo-twitter-sharepic-sponsors-01.jpeg\",\"contentUrl\":\"https:\/\/foundations.ac\/wp-content\/uploads\/2021\/12\/mundo-twitter-sharepic-sponsors-01.jpeg\",\"width\":2200,\"height\":1256,\"caption\":\"ICON-S 2021 Conference\"},{\"@type\":\"BreadcrumbList\",\"@id\":\"https:\/\/foundations.ac\/icon-s-2021-conference\/#breadcrumb\",\"itemListElement\":[{\"@type\":\"ListItem\",\"position\":1,\"name\":\"Home\",\"item\":\"https:\/\/foundations.ac\/en\/\"},{\"@type\":\"ListItem\",\"position\":2,\"name\":\"Gender, religion and identity conundrums and the rise of populism and nationalism in Central and Eastern Europe and Latin America\"}]},{\"@type\":\"WebSite\",\"@id\":\"https:\/\/foundations.ac\/#website\",\"url\":\"https:\/\/foundations.ac\/\",\"name\":\"FIAT\",\"description\":\"My WordPress Blog\",\"potentialAction\":[{\"@type\":\"SearchAction\",\"target\":{\"@type\":\"EntryPoint\",\"urlTemplate\":\"https:\/\/foundations.ac\/?s={search_term_string}\"},\"query-input\":{\"@type\":\"PropertyValueSpecification\",\"valueRequired\":true,\"valueName\":\"search_term_string\"}}],\"inLanguage\":\"hu\"},{\"@type\":\"Person\",\"@id\":\"https:\/\/foundations.ac\/#\/schema\/person\/6a97b6e3104a633ff33a4c05f9782422\",\"name\":\"Deirdre Norris\",\"image\":{\"@type\":\"ImageObject\",\"inLanguage\":\"hu\",\"@id\":\"https:\/\/foundations.ac\/#\/schema\/person\/image\/\",\"url\":\"https:\/\/foundations.ac\/wp-content\/litespeed\/avatar\/933b6720e93c6f0a8d29bbc2b3446c4e.jpg?ver=1776897820\",\"contentUrl\":\"https:\/\/foundations.ac\/wp-content\/litespeed\/avatar\/933b6720e93c6f0a8d29bbc2b3446c4e.jpg?ver=1776897820\",\"caption\":\"Deirdre Norris\"},\"url\":\"https:\/\/foundations.ac\/hu\/author\/deirdre\/\"}]}<\/script>\n<!-- \/ Yoast SEO plugin. -->","yoast_head_json":{"title":"Gender, religion and identity conundrums and the rise of populism and nationalism in Central and Eastern Europe and Latin America - FIAT","robots":{"index":"index","follow":"follow","max-snippet":"max-snippet:-1","max-image-preview":"max-image-preview:large","max-video-preview":"max-video-preview:-1"},"canonical":"https:\/\/foundations.ac\/hu\/icon-s-2021-conference\/","og_locale":"hu_HU","og_type":"article","og_title":"Gender, religion and identity conundrums and the rise of populism and nationalism in Central and Eastern Europe and Latin America - FIAT","og_description":"By Silvia Gagliardi \u201cPublic Law, (Dis)trust and Dissent\u201d &nbsp;\u2018Gender, religion and identity conundrums and the rise of populism and nationalism in Central and Eastern Europe and Latin America\u2019 In the context of the 2021 ICON-S Conference \u2018Mundo\u2019 on \u2018Public Law, (Dis)trust and Dissent\u2019, members of the ERC-funded FIAT project convened and chaired a panel to [&hellip;]","og_url":"https:\/\/foundations.ac\/hu\/icon-s-2021-conference\/","og_site_name":"FIAT","article_published_time":"2021-12-22T16:28:04+00:00","article_modified_time":"2024-02-07T12:03:24+00:00","og_image":[{"width":2200,"height":1256,"url":"https:\/\/foundations.ac\/wp-content\/uploads\/2021\/12\/mundo-twitter-sharepic-sponsors-01.jpeg","type":"image\/jpeg"}],"author":"Deirdre Norris","twitter_card":"summary_large_image","twitter_misc":{"Szerz\u0151:":"Deirdre Norris","Becs\u00fclt olvas\u00e1si id\u0151":"5 perc"},"schema":{"@context":"https:\/\/schema.org","@graph":[{"@type":"Article","@id":"https:\/\/foundations.ac\/icon-s-2021-conference\/#article","isPartOf":{"@id":"https:\/\/foundations.ac\/icon-s-2021-conference\/"},"author":{"name":"Deirdre Norris","@id":"https:\/\/foundations.ac\/#\/schema\/person\/6a97b6e3104a633ff33a4c05f9782422"},"headline":"Gender, religion and identity conundrums and the rise of populism and nationalism in Central and Eastern Europe and Latin America","datePublished":"2021-12-22T16:28:04+00:00","dateModified":"2024-02-07T12:03:24+00:00","mainEntityOfPage":{"@id":"https:\/\/foundations.ac\/icon-s-2021-conference\/"},"wordCount":1136,"commentCount":0,"image":{"@id":"https:\/\/foundations.ac\/icon-s-2021-conference\/#primaryimage"},"thumbnailUrl":"https:\/\/foundations.ac\/wp-content\/uploads\/2021\/12\/mundo-twitter-sharepic-sponsors-01.jpeg","articleSection":["Conferences","ICON-S 2021"],"inLanguage":"hu","potentialAction":[{"@type":"CommentAction","name":"Comment","target":["https:\/\/foundations.ac\/icon-s-2021-conference\/#respond"]}]},{"@type":"WebPage","@id":"https:\/\/foundations.ac\/icon-s-2021-conference\/","url":"https:\/\/foundations.ac\/icon-s-2021-conference\/","name":"Gender, religion and identity conundrums and the rise of populism and nationalism in Central and Eastern Europe and Latin America - FIAT","isPartOf":{"@id":"https:\/\/foundations.ac\/#website"},"primaryImageOfPage":{"@id":"https:\/\/foundations.ac\/icon-s-2021-conference\/#primaryimage"},"image":{"@id":"https:\/\/foundations.ac\/icon-s-2021-conference\/#primaryimage"},"thumbnailUrl":"https:\/\/foundations.ac\/wp-content\/uploads\/2021\/12\/mundo-twitter-sharepic-sponsors-01.jpeg","datePublished":"2021-12-22T16:28:04+00:00","dateModified":"2024-02-07T12:03:24+00:00","author":{"@id":"https:\/\/foundations.ac\/#\/schema\/person\/6a97b6e3104a633ff33a4c05f9782422"},"breadcrumb":{"@id":"https:\/\/foundations.ac\/icon-s-2021-conference\/#breadcrumb"},"inLanguage":"hu","potentialAction":[{"@type":"ReadAction","target":["https:\/\/foundations.ac\/icon-s-2021-conference\/"]}]},{"@type":"ImageObject","inLanguage":"hu","@id":"https:\/\/foundations.ac\/icon-s-2021-conference\/#primaryimage","url":"https:\/\/foundations.ac\/wp-content\/uploads\/2021\/12\/mundo-twitter-sharepic-sponsors-01.jpeg","contentUrl":"https:\/\/foundations.ac\/wp-content\/uploads\/2021\/12\/mundo-twitter-sharepic-sponsors-01.jpeg","width":2200,"height":1256,"caption":"ICON-S 2021 Conference"},{"@type":"BreadcrumbList","@id":"https:\/\/foundations.ac\/icon-s-2021-conference\/#breadcrumb","itemListElement":[{"@type":"ListItem","position":1,"name":"Home","item":"https:\/\/foundations.ac\/en\/"},{"@type":"ListItem","position":2,"name":"Gender, religion and identity conundrums and the rise of populism and nationalism in Central and Eastern Europe and Latin America"}]},{"@type":"WebSite","@id":"https:\/\/foundations.ac\/#website","url":"https:\/\/foundations.ac\/","name":"FIAT","description":"A WordPress blogom","potentialAction":[{"@type":"SearchAction","target":{"@type":"EntryPoint","urlTemplate":"https:\/\/foundations.ac\/?s={search_term_string}"},"query-input":{"@type":"PropertyValueSpecification","valueRequired":true,"valueName":"search_term_string"}}],"inLanguage":"hu"},{"@type":"Person","@id":"https:\/\/foundations.ac\/#\/schema\/person\/6a97b6e3104a633ff33a4c05f9782422","name":"Deirdre Norris","image":{"@type":"ImageObject","inLanguage":"hu","@id":"https:\/\/foundations.ac\/#\/schema\/person\/image\/","url":"https:\/\/foundations.ac\/wp-content\/litespeed\/avatar\/933b6720e93c6f0a8d29bbc2b3446c4e.jpg?ver=1776897820","contentUrl":"https:\/\/foundations.ac\/wp-content\/litespeed\/avatar\/933b6720e93c6f0a8d29bbc2b3446c4e.jpg?ver=1776897820","caption":"Deirdre Norris"},"url":"https:\/\/foundations.ac\/hu\/author\/deirdre\/"}]}},"_links":{"self":[{"href":"https:\/\/foundations.ac\/hu\/wp-json\/wp\/v2\/posts\/670","targetHints":{"allow":["GET"]}}],"collection":[{"href":"https:\/\/foundations.ac\/hu\/wp-json\/wp\/v2\/posts"}],"about":[{"href":"https:\/\/foundations.ac\/hu\/wp-json\/wp\/v2\/types\/post"}],"author":[{"embeddable":true,"href":"https:\/\/foundations.ac\/hu\/wp-json\/wp\/v2\/users\/2"}],"replies":[{"embeddable":true,"href":"https:\/\/foundations.ac\/hu\/wp-json\/wp\/v2\/comments?post=670"}],"version-history":[{"count":4,"href":"https:\/\/foundations.ac\/hu\/wp-json\/wp\/v2\/posts\/670\/revisions"}],"predecessor-version":[{"id":716,"href":"https:\/\/foundations.ac\/hu\/wp-json\/wp\/v2\/posts\/670\/revisions\/716"}],"wp:featuredmedia":[{"embeddable":true,"href":"https:\/\/foundations.ac\/hu\/wp-json\/wp\/v2\/media\/689"}],"wp:attachment":[{"href":"https:\/\/foundations.ac\/hu\/wp-json\/wp\/v2\/media?parent=670"}],"wp:term":[{"taxonomy":"category","embeddable":true,"href":"https:\/\/foundations.ac\/hu\/wp-json\/wp\/v2\/categories?post=670"},{"taxonomy":"post_tag","embeddable":true,"href":"https:\/\/foundations.ac\/hu\/wp-json\/wp\/v2\/tags?post=670"}],"curies":[{"name":"munkaf\u00fczet","href":"https:\/\/api.w.org\/{rel}","templated":true}]}}