{"id":925,"date":"2024-03-04T15:43:22","date_gmt":"2024-03-04T15:43:22","guid":{"rendered":"https:\/\/foundations.ac\/?p=925"},"modified":"2024-03-04T15:47:33","modified_gmt":"2024-03-04T15:47:33","slug":"sweden-democrats","status":"publish","type":"post","link":"https:\/\/foundations.ac\/sv\/sweden-democrats\/","title":{"rendered":"Sverigedemokraterna: \u00e4nnu en vinst f\u00f6r h\u00f6gerpopulism och illiberalism i Europa?"},"content":{"rendered":"<p><em>Av Orlaith Rice<\/em><\/p>\n\n\n\n<h3 class=\"wp-block-heading\">Frustration \u00f6ver integrationspolitiken och r\u00e4dsla f\u00f6r brott, tv\u00e5 fr\u00e5gor som den svenska politiska retoriken och den allm\u00e4nna opinionen alltmer f\u00f6renar, driver Sverigedemokraternas vidare resa in i mainstreampolitiken.&nbsp;<strong>Orlaith Rice<\/strong>&nbsp;\u00f6verv\u00e4ger var detta parti sitter under etiketter populism och illiberalism<\/h3>\n\n\n\n<p>I henne&nbsp;<a href=\"https:\/\/theloop.ecpr.eu\/the-swedish-elections-takeaways-for-the-study-of-illiberalism\/\">senaste stycket f\u00f6r The Loop<\/a>, diskuterar Gefjon Off hur Sverigedemokraterna (SD), ett h\u00f6gerorienterat, nationalistiskt parti, blev normaliserat i svensk politik. Den ov\u00e4ntat konservativa unga manliga r\u00f6sten, f\u00f6rst\u00e4rkt av sociala medier, var avg\u00f6rande f\u00f6r partiets valframg\u00e5ng. Med utg\u00e5ngspunkt i Gefjons artikel h\u00e4vdar jag att invandring och kriminalitet \u00e4r nyckelomr\u00e5den f\u00f6r socialt angel\u00e4genhet i det samtida Sverige. Genom att dra nytta av dessa k\u00e4nslom\u00e4ssiga fr\u00e5gor har SD drivit upp sin framg\u00e5ng.<\/p>\n\n\n\n<h2 class=\"wp-block-heading\">Ett t\u00e4tt val<\/h2>\n\n\n\n<p>Sverigedemokraterna kom in i riksdagen f\u00f6r f\u00f6rsta g\u00e5ngen 2010. Efter ett extremt t\u00e4tt val den 11 september har det vuxit till att bli riksdagens n\u00e4st st\u00f6rsta parti. I \u00e5rets val fick SD 20% av r\u00f6sterna,&nbsp;<a href=\"https:\/\/cepa.org\/sweden-pays-for-a-negative-election\/\">upp 3% fr\u00e5n 2018<\/a>, n\u00e4r det var Sveriges tredje st\u00f6rsta parti.<\/p>\n\n\n\n<p>V\u00e4nstersocialdemokraterna, traditionellt Sveriges st\u00f6rsta parti, kom i topp, med 30% av r\u00f6sterna \u2013 ocks\u00e5 en \u00f6kning p\u00e5 dess&nbsp;<a href=\"https:\/\/www.euronews.com\/my-europe\/2022\/09\/16\/sweden-election-why-the-far-right-were-the-biggest-winners-and-four-other-takeaways\">2018 visar<\/a>. Men med h\u00f6germoderaterna p\u00e5 tredje plats har h\u00f6gerblocket vunnit riksdagsvalet med knappa m\u00e5tt med&nbsp;<a href=\"https:\/\/www.pbs.org\/newshour\/world\/right-wing-leader-claims-victory-in-sweden-election\">176 till 173 platser<\/a>. Magdalena Andersson, kortvarigt Sveriges f\u00f6rsta kvinnliga statsminister,&nbsp;<a href=\"https:\/\/www.independent.ie\/world-news\/europe\/swedens-first-female-prime-minister-magdalena-andersson-concedes-election-defeat-to-right-wing-bloc-41990611.html\">medgav valet<\/a>&nbsp;och avgick, fast hon f\u00f6rblir socialdemokratisk ledare.<\/p>\n\n\n\n<blockquote class=\"wp-block-quote is-layout-flow wp-block-quote-is-layout-flow\">\n<p>Efter ett ytterst t\u00e4tt val den 11 september \u00e4r Sverigedemokraterna nu riksdagens n\u00e4st st\u00f6rsta parti<\/p>\n<\/blockquote>\n\n\n\n<p>En ny regering b\u00f6r bildas under den kommande tiden&nbsp;<a href=\"https:\/\/www.reuters.com\/world\/europe\/swedens-moderates-ask-more-time-agree-coalition-after-election-win-2022-09-28\/\">Veckor<\/a>, \u00e4ven om det fortfarande \u00e4r oklart hur detta kommer att utspela sig. Traditionellt har partier v\u00e4grat att ing\u00e5 koalitioner med SD, \u00e4ven om det nu kan vara oundvikligt. I praktiken har ovilja att bilda koalitioner lett till&nbsp;<a href=\"https:\/\/cepa.org\/sweden-pays-for-a-negative-election\/\">svaga minoritetsregeringar<\/a>, eftersom varken v\u00e4nster- eller h\u00f6gerblocken var tillr\u00e4ckligt stora f\u00f6r att bilda majoritet.<\/p>\n\n\n\n<p>Moderatledaren Ulf Kristersson l\u00e4r bli n\u00e4sta statsminister. SD \u00e4r&nbsp;<a href=\"https:\/\/www.theguardian.com\/commentisfree\/2022\/sep\/16\/the-guardian-view-on-swedens-election-enter-the-radical-right\">osannolikt att f\u00e5<\/a>&nbsp;eventuella ministerposter, \u00e4ven om SD:s Julia Kronlid \u00e4r framr\u00f6stad&nbsp;<a href=\"https:\/\/www.riksdagen.se\/en\/news\/2022\/sep\/27\/three-deputy-speakers-elected\/\">Andre vice talman<\/a>&nbsp;av riksdagen. \u00c4nd\u00e5 har SD blivit st\u00e4mplade&nbsp;<a href=\"https:\/\/www.bbc.com\/news\/world-europe-62913356\">kungamakare&nbsp;<\/a>av den nya regeringen.<\/p>\n\n\n\n<h2 class=\"wp-block-heading\" id=\"h-making-sweden-good-again\">&quot;G\u00f6r Sverige bra igen&quot;<\/h2>\n\n\n\n<p>Sverige \u00e4r en konstitutionell liberal demokrati, som l\u00e4nge antagits vara immun mot \u00e5teruppkomsten av h\u00f6gerpopulism som sveper \u00f6ver v\u00e4rldspolitiken. Definitioner finns det f\u00f6rst\u00e5s i \u00f6verfl\u00f6d. Men vi kan karakterisera h\u00f6gerpopulismen som en moralisk kamp som st\u00e4ller vanliga, h\u00e5rt arbetande m\u00e4nniskor mot en&nbsp;<a href=\"https:\/\/www.cambridge.org\/core\/journals\/government-and-opposition\/article\/populist-zeitgeist\/2CD34F8B25C4FFF4F322316833DB94B7\">korrupta eliten<\/a>.<\/p>\n\n\n\n<p>H\u00f6gerpopulistiska partier kapitaliserar p\u00e5 kriser. I Sverige anv\u00e4nder de nedfallet fr\u00e5n gener\u00f6s migrationspolitik, s\u00e4rskilt flyktingstr\u00f6mmen under krisen 2015, och \u00f6kningen av g\u00e4ngaktivitet och vapenv\u00e5ld. SD l\u00e4nkar samman dessa, p\u00e5 tal om invandrarbrottslingar \u2013 s\u00e5 kallade<a href=\"https:\/\/academic.oup.com\/ojls\/article\/42\/1\/266\/6380273\">kriminalitet<\/a>&#039;.<\/p>\n\n\n\n<p>N\u00e4r jag genomf\u00f6rde kvalitativt f\u00e4ltarbete f\u00f6r min doktorsavhandling tidigare i \u00e5r, fann jag en sl\u00e5ende f\u00f6rekomst av frustration \u00f6ver hur integrationen hanteras och st\u00f6d f\u00f6r straffr\u00e4ttsliga \u00e5tg\u00e4rder. Dessa inkluderade&nbsp;<a href=\"https:\/\/www.loc.gov\/item\/global-legal-monitor\/2022-01-10\/sweden-new-sentencing-rules-remove-exceptions-for-young-offenders\/\">avl\u00e4gsnande&nbsp;<\/a>av den automatiska straffs\u00e4nkningen f\u00f6r unga.<\/p>\n\n\n\n<p>H\u00f6gerpopulistiska partier tenderar att vara nationalistiska och uteslutande. Bildades 1988 och Sverigedemokraternas r\u00f6tter ligger i nynazismen. Dess slogans har inkluderat &#039;<a href=\"https:\/\/www.thejournal.ie\/explainer-swedish-right-election-sweden-democrats-europe-5864848-Sep2022\/\">h\u00e5lla Sverige svenskt<\/a>&#039;. Ja, ledaren Jimmie \u00c5kesson vill &#039;<a href=\"https:\/\/www.washingtonpost.com\/world\/2022\/09\/14\/sweden-democrats-election\/\">g\u00f6ra Sverige bra igen<\/a>&#039;. Det \u00e4r inte riktigt Trumps &quot;make America great again&quot; \u2013 men det \u00e4r l\u00e5ngt ifr\u00e5n d\u00e5varande premi\u00e4rminister Stefan L\u00f6fvens &quot;<a href=\"https:\/\/www.thelocal.se\/20150906\/thousands-to-rally-for-refugees-in-stockholm\/\">mitt Europa bygger inga murar<\/a>&#039; 2015. SD \u00e4r anti-invandring,&nbsp;<a href=\"https:\/\/www.brookings.edu\/research\/the-rise-of-sweden-democrats-and-the-end-of-swedish-exceptionalism\/\">anti-islam<\/a>, och tuffa mot brott.<\/p>\n\n\n\n<blockquote class=\"wp-block-quote is-layout-flow wp-block-quote-is-layout-flow\">\n<p>Vid detta val var brottsligheten f\u00f6r f\u00f6rsta g\u00e5ngen den st\u00f6rsta fr\u00e5gan f\u00f6r svenska v\u00e4ljare. Det invandringsfientliga, tuffa mot brott Sverigedemokraterna positionerade sig som det enda partiet som kunde ta itu med det<\/p>\n<\/blockquote>\n\n\n\n<p>Den konformitets- och konsensuskultur som \u00e4r f\u00f6rknippad med svensk politik har effektivt tystat immigrationsdebatten i decennier. Det h\u00e4mmade ocks\u00e5 den f\u00f6rra regeringens f\u00f6rm\u00e5ga att ta itu med brottslighet och invandringsproblem, \u00e4ven om v\u00e4nstersocialdemokraterna i denna valkampanj tog en&nbsp;<a href=\"https:\/\/www.aa.com.tr\/en\/europe\/sweden-s-prime-minister-calls-for-end-to-ethnic-enclaves\/2668032\">h\u00e5rdare st\u00e4llning<\/a>&nbsp;om migrationspolitiken \u00e4n vad som kunde ha f\u00f6rv\u00e4ntats.<\/p>\n\n\n\n<p>Vid detta val var brottsligheten&nbsp;<a href=\"https:\/\/www.thelocal.se\/20220727\/crime-most-important-issue-for-swedens-voters\/\">st\u00f6rsta fr\u00e5gan f\u00f6r v\u00e4ljarna<\/a>&nbsp;f\u00f6r f\u00f6rsta g\u00e5ngen i Sveriges historia. Veckor f\u00f6re valet slog d\u00f6dsskjutningar \u00e5rsrekord, med&nbsp;<a href=\"https:\/\/www.breitbart.com\/europe\/2022\/08\/28\/sweden-matches-record-yearly-fatal-shootings-weeks-before-national-election\/\">47 d\u00f6da<\/a>&nbsp;fr\u00e5n vapenv\u00e5ld. SD positionerade sig som det enda partiet som kunde hantera dessa kriser.<\/p>\n\n\n\n<h2 class=\"wp-block-heading\">H\u00f6gerpopulism och illiberalism?<\/h2>\n\n\n\n<p>Integreringen av h\u00f6gerpopulistiska partier sprider sig \u00f6ver hela Europa, i s\u00e5 olika l\u00e4nder som \u00d6sterrike, Danmark, Estland, Finland, Frankrike, Ungern, Nederl\u00e4nderna, Polen, Serbien och Turkiet. Sverige ans\u00e5gs samtidigt, med sin festliga v\u00e4lf\u00e4rdsstat, vara ett undantag. Det s\u00e5gs som toleransens, m\u00e5ngkulturens och respekten f\u00f6r m\u00e4nskliga r\u00e4ttigheters land. Detta \u00e4r begreppet &#039;<a href=\"https:\/\/journals.sagepub.com\/doi\/abs\/10.1177\/0306396811406780\">Svensk exceptionalism<\/a>&#039; som, vilket SD har bevisat, nu \u00e4r under press.<\/p>\n\n\n\n<p>Den senaste framg\u00e5ngen f\u00f6r&nbsp;<a href=\"https:\/\/www.theguardian.com\/world\/live\/2022\/sep\/26\/italy-election-result-giorgia-meloni-brothers-of-italy-far-right\">Giorgia Meloni<\/a>&nbsp;i Italien har tillsammans med Sveriges valresultat v\u00e4ckt ytterligare debatt och oro.&nbsp;<a href=\"https:\/\/theloop.ecpr.eu\/the-fascist-zeitgeist\/\" target=\"_blank\" rel=\"noreferrer noopener\">Luca Manucci<\/a>, till exempel, varnar p\u00e5 den h\u00e4r bloggen f\u00f6r att anv\u00e4nda termen &quot;populist&quot; med en f\u00f6r bred pensel. Han h\u00e4vdar att partier som br\u00f6derna i Italien mer korrekt betecknas som illiberala eller nyfascistiska.<\/p>\n\n\n\n<blockquote class=\"wp-block-quote is-layout-flow wp-block-quote-is-layout-flow\">\n<p>Sverigedemokraternas agenda framst\u00e5r som utest\u00e4ngande snarare \u00e4n antidemokratisk; dess m\u00e4rke av illiberalism, ideologisk snarare \u00e4n st\u00f6rande<\/p>\n<\/blockquote>\n\n\n\n<p>Vissa beskriver SD som populistiska. Partiet uppmuntrade denna beskrivning genom att till exempel \u00f6verge sin&nbsp;<a href=\"https:\/\/www.reuters.com\/article\/uk-sweden-politics-eu-idUKKCN1PV28Q\">Euroskeptisk h\u00e5llning<\/a>&nbsp;inf\u00f6r EU-valet 2019. Men \u00e4r SD illiberala?&nbsp;<a href=\"https:\/\/theloop.ecpr.eu\/to-understand-todays-social-and-moral-transformation-study-illiberalism\/\" target=\"_blank\" rel=\"noreferrer noopener\">Marlene Laruelle<\/a>&nbsp;beskriver illiberalism som motreaktionen mot liberalismen. Och det \u00e4r l\u00e4tt att se hur skulden f\u00f6r verkliga eller upplevda misslyckanden inom integration och brottsbek\u00e4mpning kunde riktas mot Sveriges ber\u00f6mda liberalism.<\/p>\n\n\n\n<p>Om vi f\u00f6ljer Jasper Kauths distinktion verkar det som att SD:s agenda faller under&nbsp;<a href=\"https:\/\/theloop.ecpr.eu\/anti-democratic-or-exclusionary-illiberalisms-undertows-matter\/\" target=\"_blank\" rel=\"noreferrer noopener\">ideologisk illiberalism<\/a>snarare \u00e4n st\u00f6rande illiberalism. Det \u00e4r utest\u00e4ngande snarare \u00e4n antidemokratiskt. Det \u00e4r dock v\u00e4rt att notera att mainstreamingen av extremh\u00f6gern och illiberalismens kryp p\u00e5g\u00e5r i ett land&nbsp;<a href=\"https:\/\/theloop.ecpr.eu\/the-swedish-elections-takeaways-for-the-study-of-illiberalism\/\" target=\"_blank\" rel=\"noreferrer noopener\">utan auktorit\u00e4r historia<\/a>.<\/p>\n\n\n\n<h2 class=\"wp-block-heading\">Ingen jordskredsseger f\u00f6r extremh\u00f6gern<\/h2>\n\n\n\n<p>Men vi f\u00e5r inte \u00f6verskatta framg\u00e5ngarna f\u00f6r SD i det senaste valet. Partiets r\u00f6st \u00f6kade inte drastiskt fr\u00e5n 2018 \u00e5rs andel. Det \u00e4r osannolikt att SD kommer att f\u00f6rs\u00f6ka undergr\u00e4va checks and balances<strong>&nbsp;<\/strong>som vi har sett p\u00e5 andra st\u00e4llen, inte heller har den f\u00f6r n\u00e4rvarande makt att g\u00f6ra det. SD:s framg\u00e5ngar kommer fr\u00e5n dess f\u00f6rm\u00e5ga att tala till svenskarnas legitima oro f\u00f6r integration och kriminalitetspolitik. Andra partier har undvikit dessa \u00e4mnen, vilket ger SD ett n\u00e4ra nog monopol p\u00e5 s\u00e5dana samtal i \u00e5ratal. \u00c4nd\u00e5 \u00e4r det betydelsefullt att&nbsp;<a href=\"https:\/\/www.jstor.org\/stable\/j.ctv11hpspk\">\u00e4ven i Sverige<\/a>, m\u00e5ng\u00e5rig demokratisk och kulturell&nbsp;<a href=\"https:\/\/www.thelocal.se\/20220915\/sweden-has-changed-for-good-get-ready-for-a-bumpy-ride\/\">traditioner&nbsp;<\/a>\u00e4r p\u00e5 v\u00e4g att verkligen testas.<\/p>","protected":false},"excerpt":{"rendered":"<p>By Orlaith Rice Frustration with integration policy and fear of crime, two issues which Swedish political rhetoric and public opinion increasingly conflates, fuel the Sweden Democrats\u2019 onward journey into mainstream politics.&nbsp;Orlaith Rice&nbsp;considers where this party sits under labels of populism and illiberalism In her&nbsp;recent piece for The Loop, Gefjon Off discusses how the Sweden Democrats [&hellip;]<\/p>\n","protected":false},"author":1,"featured_media":926,"comment_status":"open","ping_status":"open","sticky":false,"template":"","format":"standard","meta":{"inline_featured_image":false,"_monsterinsights_skip_tracking":false,"_monsterinsights_sitenote_active":false,"_monsterinsights_sitenote_note":"","_monsterinsights_sitenote_category":0,"footnotes":""},"categories":[17,22],"tags":[],"class_list":["post-925","post","type-post","status-publish","format-standard","has-post-thumbnail","hentry","category-right-wing-populism","category-sweden"],"yoast_head":"<!-- This site is optimized with the Yoast SEO plugin v26.9 - https:\/\/yoast.com\/product\/yoast-seo-wordpress\/ -->\n<title>Sweden Democrats: another win for right-wing populism and illiberalism in Europe? - FIAT<\/title>\n<meta name=\"robots\" content=\"index, follow, max-snippet:-1, max-image-preview:large, max-video-preview:-1\" \/>\n<link rel=\"canonical\" href=\"https:\/\/foundations.ac\/sv\/sweden-democrats\/\" \/>\n<meta property=\"og:locale\" content=\"sv_SE\" \/>\n<meta property=\"og:type\" content=\"article\" \/>\n<meta property=\"og:title\" content=\"Sweden Democrats: another win for right-wing populism and illiberalism in Europe? - FIAT\" \/>\n<meta property=\"og:description\" content=\"By Orlaith Rice Frustration with integration policy and fear of crime, two issues which Swedish political rhetoric and public opinion increasingly conflates, fuel the Sweden Democrats\u2019 onward journey into mainstream politics.&nbsp;Orlaith Rice&nbsp;considers where this party sits under labels of populism and illiberalism In her&nbsp;recent piece for The Loop, Gefjon Off discusses how the Sweden Democrats [&hellip;]\" \/>\n<meta property=\"og:url\" content=\"https:\/\/foundations.ac\/sv\/sweden-democrats\/\" \/>\n<meta property=\"og:site_name\" content=\"FIAT\" \/>\n<meta property=\"article:published_time\" content=\"2024-03-04T15:43:22+00:00\" \/>\n<meta property=\"article:modified_time\" content=\"2024-03-04T15:47:33+00:00\" \/>\n<meta property=\"og:image\" content=\"https:\/\/foundations.ac\/wp-content\/uploads\/2024\/03\/20180705_Sverigedemokraterna_Almedalsveckan_5197-News-Oresund-Johan-Wessman.-CC-BY-3.0.jpg\" \/>\n\t<meta property=\"og:image:width\" content=\"1600\" \/>\n\t<meta property=\"og:image:height\" content=\"850\" \/>\n\t<meta property=\"og:image:type\" content=\"image\/jpeg\" \/>\n<meta name=\"author\" content=\"john\" \/>\n<meta name=\"twitter:card\" content=\"summary_large_image\" \/>\n<meta name=\"twitter:label1\" content=\"Skriven av\" \/>\n\t<meta name=\"twitter:data1\" content=\"john\" \/>\n\t<meta name=\"twitter:label2\" content=\"Ber\u00e4knad l\u00e4stid\" \/>\n\t<meta name=\"twitter:data2\" content=\"5 minuter\" \/>\n<script type=\"application\/ld+json\" class=\"yoast-schema-graph\">{\"@context\":\"https:\/\/schema.org\",\"@graph\":[{\"@type\":\"Article\",\"@id\":\"https:\/\/foundations.ac\/sweden-democrats\/#article\",\"isPartOf\":{\"@id\":\"https:\/\/foundations.ac\/sweden-democrats\/\"},\"author\":{\"name\":\"john\",\"@id\":\"https:\/\/foundations.ac\/#\/schema\/person\/8e8ea7b04573dc9080b922d607f99e3b\"},\"headline\":\"Sweden Democrats: another win for right-wing populism and illiberalism in Europe?\",\"datePublished\":\"2024-03-04T15:43:22+00:00\",\"dateModified\":\"2024-03-04T15:47:33+00:00\",\"mainEntityOfPage\":{\"@id\":\"https:\/\/foundations.ac\/sweden-democrats\/\"},\"wordCount\":1095,\"commentCount\":0,\"image\":{\"@id\":\"https:\/\/foundations.ac\/sweden-democrats\/#primaryimage\"},\"thumbnailUrl\":\"https:\/\/foundations.ac\/wp-content\/uploads\/2024\/03\/20180705_Sverigedemokraterna_Almedalsveckan_5197-News-Oresund-Johan-Wessman.-CC-BY-3.0.jpg\",\"articleSection\":[\"Right Wing Populism\",\"Sweden\"],\"inLanguage\":\"sv-SE\",\"potentialAction\":[{\"@type\":\"CommentAction\",\"name\":\"Comment\",\"target\":[\"https:\/\/foundations.ac\/sweden-democrats\/#respond\"]}]},{\"@type\":\"WebPage\",\"@id\":\"https:\/\/foundations.ac\/sweden-democrats\/\",\"url\":\"https:\/\/foundations.ac\/sweden-democrats\/\",\"name\":\"Sweden Democrats: another win for right-wing populism and illiberalism in Europe? - FIAT\",\"isPartOf\":{\"@id\":\"https:\/\/foundations.ac\/#website\"},\"primaryImageOfPage\":{\"@id\":\"https:\/\/foundations.ac\/sweden-democrats\/#primaryimage\"},\"image\":{\"@id\":\"https:\/\/foundations.ac\/sweden-democrats\/#primaryimage\"},\"thumbnailUrl\":\"https:\/\/foundations.ac\/wp-content\/uploads\/2024\/03\/20180705_Sverigedemokraterna_Almedalsveckan_5197-News-Oresund-Johan-Wessman.-CC-BY-3.0.jpg\",\"datePublished\":\"2024-03-04T15:43:22+00:00\",\"dateModified\":\"2024-03-04T15:47:33+00:00\",\"author\":{\"@id\":\"https:\/\/foundations.ac\/#\/schema\/person\/8e8ea7b04573dc9080b922d607f99e3b\"},\"breadcrumb\":{\"@id\":\"https:\/\/foundations.ac\/sweden-democrats\/#breadcrumb\"},\"inLanguage\":\"sv-SE\",\"potentialAction\":[{\"@type\":\"ReadAction\",\"target\":[\"https:\/\/foundations.ac\/sweden-democrats\/\"]}]},{\"@type\":\"ImageObject\",\"inLanguage\":\"sv-SE\",\"@id\":\"https:\/\/foundations.ac\/sweden-democrats\/#primaryimage\",\"url\":\"https:\/\/foundations.ac\/wp-content\/uploads\/2024\/03\/20180705_Sverigedemokraterna_Almedalsveckan_5197-News-Oresund-Johan-Wessman.-CC-BY-3.0.jpg\",\"contentUrl\":\"https:\/\/foundations.ac\/wp-content\/uploads\/2024\/03\/20180705_Sverigedemokraterna_Almedalsveckan_5197-News-Oresund-Johan-Wessman.-CC-BY-3.0.jpg\",\"width\":1600,\"height\":850},{\"@type\":\"BreadcrumbList\",\"@id\":\"https:\/\/foundations.ac\/sweden-democrats\/#breadcrumb\",\"itemListElement\":[{\"@type\":\"ListItem\",\"position\":1,\"name\":\"Home\",\"item\":\"https:\/\/foundations.ac\/en\/\"},{\"@type\":\"ListItem\",\"position\":2,\"name\":\"Sweden Democrats: another win for right-wing populism and illiberalism in Europe?\"}]},{\"@type\":\"WebSite\",\"@id\":\"https:\/\/foundations.ac\/#website\",\"url\":\"https:\/\/foundations.ac\/\",\"name\":\"FIAT\",\"description\":\"My WordPress Blog\",\"potentialAction\":[{\"@type\":\"SearchAction\",\"target\":{\"@type\":\"EntryPoint\",\"urlTemplate\":\"https:\/\/foundations.ac\/?s={search_term_string}\"},\"query-input\":{\"@type\":\"PropertyValueSpecification\",\"valueRequired\":true,\"valueName\":\"search_term_string\"}}],\"inLanguage\":\"sv-SE\"},{\"@type\":\"Person\",\"@id\":\"https:\/\/foundations.ac\/#\/schema\/person\/8e8ea7b04573dc9080b922d607f99e3b\",\"name\":\"john\",\"image\":{\"@type\":\"ImageObject\",\"inLanguage\":\"sv-SE\",\"@id\":\"https:\/\/foundations.ac\/#\/schema\/person\/image\/\",\"url\":\"https:\/\/foundations.ac\/wp-content\/litespeed\/avatar\/0d658dbe6560e0312361fc12a18c5178.jpg?ver=1776882560\",\"contentUrl\":\"https:\/\/foundations.ac\/wp-content\/litespeed\/avatar\/0d658dbe6560e0312361fc12a18c5178.jpg?ver=1776882560\",\"caption\":\"john\"},\"sameAs\":[\"https:\/\/foundations.ac\"],\"url\":\"https:\/\/foundations.ac\/sv\/author\/john\/\"}]}<\/script>\n<!-- \/ Yoast SEO plugin. -->","yoast_head_json":{"title":"Sverigedemokraterna: ytterligare en seger f\u00f6r h\u00f6gerpopulism och illiberalism i Europa? - FIAT","robots":{"index":"index","follow":"follow","max-snippet":"max-snippet:-1","max-image-preview":"max-image-preview:large","max-video-preview":"max-video-preview:-1"},"canonical":"https:\/\/foundations.ac\/sv\/sweden-democrats\/","og_locale":"sv_SE","og_type":"article","og_title":"Sweden Democrats: another win for right-wing populism and illiberalism in Europe? - FIAT","og_description":"By Orlaith Rice Frustration with integration policy and fear of crime, two issues which Swedish political rhetoric and public opinion increasingly conflates, fuel the Sweden Democrats\u2019 onward journey into mainstream politics.&nbsp;Orlaith Rice&nbsp;considers where this party sits under labels of populism and illiberalism In her&nbsp;recent piece for The Loop, Gefjon Off discusses how the Sweden Democrats [&hellip;]","og_url":"https:\/\/foundations.ac\/sv\/sweden-democrats\/","og_site_name":"FIAT","article_published_time":"2024-03-04T15:43:22+00:00","article_modified_time":"2024-03-04T15:47:33+00:00","og_image":[{"width":1600,"height":850,"url":"https:\/\/foundations.ac\/wp-content\/uploads\/2024\/03\/20180705_Sverigedemokraterna_Almedalsveckan_5197-News-Oresund-Johan-Wessman.-CC-BY-3.0.jpg","type":"image\/jpeg"}],"author":"john","twitter_card":"summary_large_image","twitter_misc":{"Skriven av":"john","Ber\u00e4knad l\u00e4stid":"5 minuter"},"schema":{"@context":"https:\/\/schema.org","@graph":[{"@type":"Article","@id":"https:\/\/foundations.ac\/sweden-democrats\/#article","isPartOf":{"@id":"https:\/\/foundations.ac\/sweden-democrats\/"},"author":{"name":"john","@id":"https:\/\/foundations.ac\/#\/schema\/person\/8e8ea7b04573dc9080b922d607f99e3b"},"headline":"Sweden Democrats: another win for right-wing populism and illiberalism in Europe?","datePublished":"2024-03-04T15:43:22+00:00","dateModified":"2024-03-04T15:47:33+00:00","mainEntityOfPage":{"@id":"https:\/\/foundations.ac\/sweden-democrats\/"},"wordCount":1095,"commentCount":0,"image":{"@id":"https:\/\/foundations.ac\/sweden-democrats\/#primaryimage"},"thumbnailUrl":"https:\/\/foundations.ac\/wp-content\/uploads\/2024\/03\/20180705_Sverigedemokraterna_Almedalsveckan_5197-News-Oresund-Johan-Wessman.-CC-BY-3.0.jpg","articleSection":["Right Wing Populism","Sweden"],"inLanguage":"sv-SE","potentialAction":[{"@type":"CommentAction","name":"Comment","target":["https:\/\/foundations.ac\/sweden-democrats\/#respond"]}]},{"@type":"WebPage","@id":"https:\/\/foundations.ac\/sweden-democrats\/","url":"https:\/\/foundations.ac\/sweden-democrats\/","name":"Sverigedemokraterna: ytterligare en seger f\u00f6r h\u00f6gerpopulism och illiberalism i Europa? - FIAT","isPartOf":{"@id":"https:\/\/foundations.ac\/#website"},"primaryImageOfPage":{"@id":"https:\/\/foundations.ac\/sweden-democrats\/#primaryimage"},"image":{"@id":"https:\/\/foundations.ac\/sweden-democrats\/#primaryimage"},"thumbnailUrl":"https:\/\/foundations.ac\/wp-content\/uploads\/2024\/03\/20180705_Sverigedemokraterna_Almedalsveckan_5197-News-Oresund-Johan-Wessman.-CC-BY-3.0.jpg","datePublished":"2024-03-04T15:43:22+00:00","dateModified":"2024-03-04T15:47:33+00:00","author":{"@id":"https:\/\/foundations.ac\/#\/schema\/person\/8e8ea7b04573dc9080b922d607f99e3b"},"breadcrumb":{"@id":"https:\/\/foundations.ac\/sweden-democrats\/#breadcrumb"},"inLanguage":"sv-SE","potentialAction":[{"@type":"ReadAction","target":["https:\/\/foundations.ac\/sweden-democrats\/"]}]},{"@type":"ImageObject","inLanguage":"sv-SE","@id":"https:\/\/foundations.ac\/sweden-democrats\/#primaryimage","url":"https:\/\/foundations.ac\/wp-content\/uploads\/2024\/03\/20180705_Sverigedemokraterna_Almedalsveckan_5197-News-Oresund-Johan-Wessman.-CC-BY-3.0.jpg","contentUrl":"https:\/\/foundations.ac\/wp-content\/uploads\/2024\/03\/20180705_Sverigedemokraterna_Almedalsveckan_5197-News-Oresund-Johan-Wessman.-CC-BY-3.0.jpg","width":1600,"height":850},{"@type":"BreadcrumbList","@id":"https:\/\/foundations.ac\/sweden-democrats\/#breadcrumb","itemListElement":[{"@type":"ListItem","position":1,"name":"Home","item":"https:\/\/foundations.ac\/en\/"},{"@type":"ListItem","position":2,"name":"Sweden Democrats: another win for right-wing populism and illiberalism in Europe?"}]},{"@type":"WebSite","@id":"https:\/\/foundations.ac\/#website","url":"https:\/\/foundations.ac\/","name":"FIAT","description":"Min WordPress-blogg","potentialAction":[{"@type":"SearchAction","target":{"@type":"EntryPoint","urlTemplate":"https:\/\/foundations.ac\/?s={search_term_string}"},"query-input":{"@type":"PropertyValueSpecification","valueRequired":true,"valueName":"search_term_string"}}],"inLanguage":"sv-SE"},{"@type":"Person","@id":"https:\/\/foundations.ac\/#\/schema\/person\/8e8ea7b04573dc9080b922d607f99e3b","name":"john","image":{"@type":"ImageObject","inLanguage":"sv-SE","@id":"https:\/\/foundations.ac\/#\/schema\/person\/image\/","url":"https:\/\/foundations.ac\/wp-content\/litespeed\/avatar\/0d658dbe6560e0312361fc12a18c5178.jpg?ver=1776882560","contentUrl":"https:\/\/foundations.ac\/wp-content\/litespeed\/avatar\/0d658dbe6560e0312361fc12a18c5178.jpg?ver=1776882560","caption":"john"},"sameAs":["https:\/\/foundations.ac"],"url":"https:\/\/foundations.ac\/sv\/author\/john\/"}]}},"_links":{"self":[{"href":"https:\/\/foundations.ac\/sv\/wp-json\/wp\/v2\/posts\/925","targetHints":{"allow":["GET"]}}],"collection":[{"href":"https:\/\/foundations.ac\/sv\/wp-json\/wp\/v2\/posts"}],"about":[{"href":"https:\/\/foundations.ac\/sv\/wp-json\/wp\/v2\/types\/post"}],"author":[{"embeddable":true,"href":"https:\/\/foundations.ac\/sv\/wp-json\/wp\/v2\/users\/1"}],"replies":[{"embeddable":true,"href":"https:\/\/foundations.ac\/sv\/wp-json\/wp\/v2\/comments?post=925"}],"version-history":[{"count":2,"href":"https:\/\/foundations.ac\/sv\/wp-json\/wp\/v2\/posts\/925\/revisions"}],"predecessor-version":[{"id":928,"href":"https:\/\/foundations.ac\/sv\/wp-json\/wp\/v2\/posts\/925\/revisions\/928"}],"wp:featuredmedia":[{"embeddable":true,"href":"https:\/\/foundations.ac\/sv\/wp-json\/wp\/v2\/media\/926"}],"wp:attachment":[{"href":"https:\/\/foundations.ac\/sv\/wp-json\/wp\/v2\/media?parent=925"}],"wp:term":[{"taxonomy":"category","embeddable":true,"href":"https:\/\/foundations.ac\/sv\/wp-json\/wp\/v2\/categories?post=925"},{"taxonomy":"post_tag","embeddable":true,"href":"https:\/\/foundations.ac\/sv\/wp-json\/wp\/v2\/tags?post=925"}],"curies":[{"name":"wp","href":"https:\/\/api.w.org\/{rel}","templated":true}]}}